{"id":802,"date":"2020-11-20T20:26:46","date_gmt":"2020-11-20T19:26:46","guid":{"rendered":"http:\/\/www.colibrilab.it\/wp\/?p=802"},"modified":"2020-11-20T20:35:16","modified_gmt":"2020-11-20T19:35:16","slug":"come-possibile-ottenere-una-diagnosi-di-dsa-dopo-i-18-anni","status":"publish","type":"post","link":"https:\/\/www.colibrilab.it\/wp\/come-possibile-ottenere-una-diagnosi-di-dsa-dopo-i-18-anni\/","title":{"rendered":"Com\u2019\u00e8 possibile ottenere una diagnosi di DSA dopo i 18 anni?"},"content":{"rendered":"<p>&nbsp;<\/p>\n<div id=\"attachment_803\" style=\"width: 414px\" class=\"wp-caption aligncenter\"><img aria-describedby=\"caption-attachment-803\" decoding=\"async\" loading=\"lazy\" class=\" wp-image-803\" src=\"http:\/\/www.colibrilab.it\/wp\/wp-content\/uploads\/2020\/11\/woman-working-office-300x200.jpg\" alt=\"\" width=\"404\" height=\"269\" srcset=\"https:\/\/www.colibrilab.it\/wp\/wp-content\/uploads\/2020\/11\/woman-working-office-300x200.jpg 300w, https:\/\/www.colibrilab.it\/wp\/wp-content\/uploads\/2020\/11\/woman-working-office-768x512.jpg 768w, https:\/\/www.colibrilab.it\/wp\/wp-content\/uploads\/2020\/11\/woman-working-office-1024x683.jpg 1024w, https:\/\/www.colibrilab.it\/wp\/wp-content\/uploads\/2020\/11\/woman-working-office-320x213.jpg 320w, https:\/\/www.colibrilab.it\/wp\/wp-content\/uploads\/2020\/11\/woman-working-office-1170x780.jpg 1170w\" sizes=\"(max-width: 404px) 100vw, 404px\" \/><p id=\"caption-attachment-803\" class=\"wp-caption-text\">Diagnosi DSA in et\u00e0 adulta<\/p><\/div>\n<p><em>\u201cNel campo delle difficolt\u00e0 di apprendimento ci sono state delle interessanti evoluzioni negli ultimi anni e forse una delle pi\u00f9 significative \u00e8 rappresentata dal fatto che non sono pi\u00f9 considerate, come \u00e8 avvenuto nei primi tempi, solo nella fascia della <strong>scuola dell\u2019obbligo<\/strong> ma sono invece prese in esame dal punto di vista <strong>l<\/strong><strong>ife span<\/strong>, cio\u00e8 di tutto l\u2019arco di vita. Perch\u00e9 \u00e8 successo questo? Perch\u00e9 ci siamo accorti che c\u2019\u00e8 una predisposizione innata che fa s\u00ec che il problema <strong>permanga<\/strong> per tutta la vita\u201d(Cesare Cornoldi). <\/em><\/p>\n<p style=\"text-align: left;\">I disturbi specifici dell\u2019apprendimento (DSA) vengono definiti come l\u2019insieme di disordini di origine neurobiologica caratterizzati da una <strong>specifica difficolt\u00e0 di apprendimento <\/strong>della <strong>lettura,<\/strong> della<strong> scrittura <\/strong>e del<strong> calcolo<\/strong>, che si manifesta con l\u2019inizio della scolarizzazione in bambini con un normale sviluppo intellettivo, una tipica esposizione agli apprendimenti e in assenza di alterazioni neurosensoriali (<em>Facoetti, 2009<\/em>).<\/p>\n<p style=\"text-align: left;\">Si tratta di una condizione che si manifesta per tutto l\u2019arco di vita richiedendo alla persona <strong>adattamenti<\/strong> e <strong>strategie <\/strong>&nbsp;differenti a seconda del contesto e delle richieste ambientali (<em>ISS, 2011<\/em>).<\/p>\n<p style=\"text-align: left;\">Un\u2019alterazione delle capacit\u00e0 di lettura e scrittura costituisce un vero <strong>ostacolo<\/strong> per un adulto che si trova ad affrontare un percorso universitario o problemi del mondo del lavoro e della vita sociale. Per questo motivo si riconosce la necessit\u00e0 di una gamma di <strong>aiuti protratti<\/strong> nel tempo (De Beni et al., 2014).<\/p>\n<p style=\"text-align: left;\">L\u2019approvazione della <strong>Legge 170\/2010<\/strong>, <em>Nuove norme in materia di disturbo specifico di apprendimento in ambito scolastico<\/em>, risponde alle esigenze sociali di queste persone, che necessitano pertanto di una diagnosi secondo le indicazione della Consensus Conference e della Conferenza Stato-Regioni.<\/p>\n<p style=\"text-align: left;\">La motivazione per la richiesta \u00e8 spesso, anche in et\u00e0 adulta, guidata da una necessit\u00e0 relativa al <strong>percorso scolastico&nbsp;o universitario<\/strong> cos\u00ec come per una maggiore <strong>consapevolezza personale<\/strong>. Le difficolt\u00e0 scolastiche sono vissute infatti spesso con un forte disagio emotivo. Per questo motivo si hanno delle ricadute immediate della diagnosi sulla vita&nbsp; concreta (scolastica, accademica e professionale), ovvero sull\u2019empowerment personale (<em>Ghidoni, 2017<\/em>).<\/p>\n<p style=\"text-align: left;\">In quest\u2019ottica, una diagnosi funzionale e l\u2019eventuale adozione di strumenti compensativi e misure dispensative diventa indispensabile al fine di offrire risposte positive:<\/p>\n<ul>\n<li style=\"text-align: left;\">al diritto allo studio;<\/li>\n<li>per gli esami di Stato;<\/li>\n<li>l\u2019accesso all\u2019Universit\u00e0;<\/li>\n<li>la patente di guida;<\/li>\n<li>la partecipazione ai concorsi<\/li>\n<\/ul>\n<p>e in tutte le situazioni che richiedono l\u2019uso strumentale della letto-scrittura.<\/p>\n<p style=\"text-align: left;\">Ecco perch\u00e9 la ricerca clinica negli ultimi anni si \u00e8 incentrata nell\u2019analizzare le caratteristiche dei disturbi&nbsp; specifici dell\u2019apprendimento negli studenti universitari e negli adulti, tenendo conto delle <strong>compensazioni<\/strong> funzionali, come lo sviluppo di strategie cognitive, e delle compensazioni psicologiche, attuate per gestire le emozioni conseguenti a difficolt\u00e0 e fallimenti.<\/p>\n<p style=\"text-align: left;\">La diagnosi pu\u00f2 esser fatta in strutture pubbliche o in strutture private. La nostra equipe multidisciplinare del Colibr\u00ec LAB \u00e8 composta da specialisti esperti formati a riguardo, e dispone di batterie testologiche adatte agli studenti degli ultimi anni di scuola secondaria, universitari e adulti. &nbsp;Per quanto riguarda la nostra Regione Emilia Romagna, le diagnosi emesse dai privati necessitano di una controfirma del Gruppo di conformit\u00e0 DSA istituito dalla Regione, in modo da garantire un percorso clinico-diagnostico tempestivo ed equo (<em>Documento tecnico di istruzione dei gruppi di conformit\u00e0 DSA per la valutazione di conformit\u00e0 sulle segnalazioni di DSA prodotte da professionisti privati<\/em>).<\/p>\n<p>&nbsp;<\/p>\n<p>Si rimanda per <strong>ulteriori informazioni<\/strong>&nbsp;:<\/p>\n<p>Consensus Conference AID e societ\u00e0 scientifiche 2007:&nbsp;&nbsp;<a href=\"http:\/\/www.colibrilab.it\/wp\/wp-content\/uploads\/2020\/11\/indicazioni_consensus_DSA2007.pdf\">indicazioni_consensus_DSA2007<\/a><\/p>\n<p>Revisione della Consensus Conference: Documento PARCC 2010 2011:&nbsp;<a href=\"http:\/\/www.colibrilab.it\/wp\/wp-content\/uploads\/2020\/11\/Documento-monotematico-congiunto-FLI_SSLI_DSA.pdf\">Documento-monotematico-congiunto-FLI_SSLI_DSA<\/a><\/p>\n<p>Consensus Conference dell\u2019Istituto Superiore di Sanit\u00e0 2010 :&nbsp;<a href=\"http:\/\/www.colibrilab.it\/wp\/wp-content\/uploads\/2020\/11\/Cc_Disturbi_Apprendimento.pdf\">Cc_Disturbi_Apprendimento<\/a><\/p>\n<p>&nbsp;<\/p>\n<p><a href=\"https:\/\/dsaelavoro.aiditalia.org\/it\/i-dsa-in-eta-adulta\/domande-e-risposte\">https:\/\/dsaelavoro.aiditalia.org\/it\/i-dsa-in-eta-adulta\/domande-e-risposte<\/a><\/p>\n<p>&nbsp;<\/p>\n<blockquote class=\"wp-embedded-content\" data-secret=\"bQBcDT2SU3\"><p><a href=\"https:\/\/www.trainingcognitivo.it\/la-dislessia-negli-studenti-universitari-e-nei-giovani-adulti\/\">La dislessia negli studenti universitari e nei giovani adulti<\/a><\/p><\/blockquote>\n<p><iframe class=\"wp-embedded-content\" sandbox=\"allow-scripts\" security=\"restricted\" style=\"position: absolute; clip: rect(1px, 1px, 1px, 1px);\" src=\"https:\/\/www.trainingcognitivo.it\/la-dislessia-negli-studenti-universitari-e-nei-giovani-adulti\/embed\/#?secret=bQBcDT2SU3\" data-secret=\"bQBcDT2SU3\" width=\"600\" height=\"338\" title=\"&#8220;La dislessia negli studenti universitari e nei giovani adulti&#8221; &#8212; Training Cognitivo\" frameborder=\"0\" marginwidth=\"0\" marginheight=\"0\" scrolling=\"no\"><\/iframe><\/p>\n<p style=\"text-align: right;\">Riferimento immagine nel frontespizio:&nbsp;&lt;a href=&#8221;https:\/\/it.freepik.com\/foto\/affari&#8221;&gt;Affari foto creata da Racool_studio &#8211; it.freepik.com&lt;\/a&gt;<\/p>\n","protected":false},"excerpt":{"rendered":"<p>&nbsp; \u201cNel campo delle difficolt\u00e0 di apprendimento ci sono state delle interessanti evoluzioni negli ultimi anni e forse una delle pi\u00f9 significative \u00e8 rappresentata dal fatto che non sono pi\u00f9 considerate, come \u00e8 avvenuto nei primi tempi, solo nella fascia&hellip; <br \/><a class=\"read-more-button\" href=\"https:\/\/www.colibrilab.it\/wp\/come-possibile-ottenere-una-diagnosi-di-dsa-dopo-i-18-anni\/\">Leggi tutto<\/a><\/p>\n","protected":false},"author":1,"featured_media":0,"comment_status":"closed","ping_status":"closed","sticky":false,"template":"","format":"standard","meta":{"ngg_post_thumbnail":0},"categories":[1],"tags":[9,11,15,8,10,13,14,12],"_links":{"self":[{"href":"https:\/\/www.colibrilab.it\/wp\/wp-json\/wp\/v2\/posts\/802"}],"collection":[{"href":"https:\/\/www.colibrilab.it\/wp\/wp-json\/wp\/v2\/posts"}],"about":[{"href":"https:\/\/www.colibrilab.it\/wp\/wp-json\/wp\/v2\/types\/post"}],"author":[{"embeddable":true,"href":"https:\/\/www.colibrilab.it\/wp\/wp-json\/wp\/v2\/users\/1"}],"replies":[{"embeddable":true,"href":"https:\/\/www.colibrilab.it\/wp\/wp-json\/wp\/v2\/comments?post=802"}],"version-history":[{"count":1,"href":"https:\/\/www.colibrilab.it\/wp\/wp-json\/wp\/v2\/posts\/802\/revisions"}],"predecessor-version":[{"id":807,"href":"https:\/\/www.colibrilab.it\/wp\/wp-json\/wp\/v2\/posts\/802\/revisions\/807"}],"wp:attachment":[{"href":"https:\/\/www.colibrilab.it\/wp\/wp-json\/wp\/v2\/media?parent=802"}],"wp:term":[{"taxonomy":"category","embeddable":true,"href":"https:\/\/www.colibrilab.it\/wp\/wp-json\/wp\/v2\/categories?post=802"},{"taxonomy":"post_tag","embeddable":true,"href":"https:\/\/www.colibrilab.it\/wp\/wp-json\/wp\/v2\/tags?post=802"}],"curies":[{"name":"wp","href":"https:\/\/api.w.org\/{rel}","templated":true}]}}